{"id":164,"date":"2016-08-16T23:31:09","date_gmt":"2016-08-16T21:31:09","guid":{"rendered":"http:\/\/kjg-ummeln.de\/ffblog16\/?p=164"},"modified":"2016-08-23T21:08:04","modified_gmt":"2016-08-23T19:08:04","slug":"der-fuenfte-tag-abend","status":"publish","type":"post","link":"https:\/\/kjg-ummeln.de\/ffblog16\/2016\/08\/16\/der-fuenfte-tag-abend\/","title":{"rendered":"Der f\u00fcnfte Tag &#8211; Abend"},"content":{"rendered":"<p>Statt des klassischen Abendessens, grillten wir heute drau\u00dfen. Das l\u00f6ste bei allen nat\u00fcrlich Freude aus, doch noch mehr freuten wir uns dar\u00fcber, dass Herbert uns besuchen kam und mit uns den Gottesdienst feierte.<\/p>\n<p><!--more--><br \/>\nWir besch\u00e4ftigten uns mit unseren \u00c4ngsten, indem wir diese auf ein St\u00fcck Holz schrieben und es durchbrachen. Die eine H\u00e4lfte des Holzes legten wir vor den Altar und die Andere behielten wir, um zu zeigen, dass unsere \u00c4ngste nie verschwinden, wir sie jedoch Gott immer anvertrauen k\u00f6nnen.<\/p>\n<img decoding=\"async\" loading=\"lazy\" class=\"aligncenter wp-image-165 size-full\" src=\"http:\/\/kjg-ummeln.de\/ffblog16\/wp-content\/uploads\/2016\/08\/DSC_0345.jpg\" alt=\"DSC_0345\" width=\"2992\" height=\"2000\" srcset=\"https:\/\/kjg-ummeln.de\/ffblog16\/wp-content\/uploads\/2016\/08\/DSC_0345.jpg 2992w, https:\/\/kjg-ummeln.de\/ffblog16\/wp-content\/uploads\/2016\/08\/DSC_0345-300x201.jpg 300w, https:\/\/kjg-ummeln.de\/ffblog16\/wp-content\/uploads\/2016\/08\/DSC_0345-768x513.jpg 768w, https:\/\/kjg-ummeln.de\/ffblog16\/wp-content\/uploads\/2016\/08\/DSC_0345-1024x684.jpg 1024w\" sizes=\"(max-width: 2992px) 100vw, 2992px\" \/>\n<p>Nach dem Gottesdienst sa\u00dfen alle beim Lagerfeuer zusammen und haben von der Gitarre begleitet Lieder gesungen.<\/p>\n<img decoding=\"async\" loading=\"lazy\" class=\"aligncenter wp-image-166 size-full\" src=\"http:\/\/kjg-ummeln.de\/ffblog16\/wp-content\/uploads\/2016\/08\/DSC_0351.jpg\" alt=\"DSC_0351\" width=\"2992\" height=\"2000\" srcset=\"https:\/\/kjg-ummeln.de\/ffblog16\/wp-content\/uploads\/2016\/08\/DSC_0351.jpg 2992w, https:\/\/kjg-ummeln.de\/ffblog16\/wp-content\/uploads\/2016\/08\/DSC_0351-300x201.jpg 300w, https:\/\/kjg-ummeln.de\/ffblog16\/wp-content\/uploads\/2016\/08\/DSC_0351-768x513.jpg 768w, https:\/\/kjg-ummeln.de\/ffblog16\/wp-content\/uploads\/2016\/08\/DSC_0351-1024x684.jpg 1024w\" sizes=\"(max-width: 2992px) 100vw, 2992px\" \/>\n<p>Am sp\u00e4ten Abend spielten wir noch ein Nachtspiel, bei dem es darum ging mit Bausteinen eine m\u00f6glichst gro\u00dfe Fl\u00e4che auf einem Spielplan zu legen.<br \/>\nDie Bausteine erhielten die Gruppen, die mit verschiedenfarbigen Knicklichtern gekennzeichnet waren, indem sie sie bestimmte Karten sammelten.<\/p>\n<img decoding=\"async\" loading=\"lazy\" class=\"aligncenter wp-image-167 \" src=\"http:\/\/kjg-ummeln.de\/ffblog16\/wp-content\/uploads\/2016\/08\/DSC_0352-e1471386221550.jpg\" alt=\"DSC_0352\" width=\"309\" height=\"462\" srcset=\"https:\/\/kjg-ummeln.de\/ffblog16\/wp-content\/uploads\/2016\/08\/DSC_0352-e1471386221550.jpg 2000w, https:\/\/kjg-ummeln.de\/ffblog16\/wp-content\/uploads\/2016\/08\/DSC_0352-e1471386221550-201x300.jpg 201w, https:\/\/kjg-ummeln.de\/ffblog16\/wp-content\/uploads\/2016\/08\/DSC_0352-e1471386221550-768x1149.jpg 768w, https:\/\/kjg-ummeln.de\/ffblog16\/wp-content\/uploads\/2016\/08\/DSC_0352-e1471386221550-684x1024.jpg 684w\" sizes=\"(max-width: 309px) 100vw, 309px\" \/>\n<img decoding=\"async\" loading=\"lazy\" class=\"aligncenter wp-image-168 size-full\" src=\"http:\/\/kjg-ummeln.de\/ffblog16\/wp-content\/uploads\/2016\/08\/DSC_0354.jpg\" alt=\"DSC_0354\" width=\"2992\" height=\"2000\" srcset=\"https:\/\/kjg-ummeln.de\/ffblog16\/wp-content\/uploads\/2016\/08\/DSC_0354.jpg 2992w, https:\/\/kjg-ummeln.de\/ffblog16\/wp-content\/uploads\/2016\/08\/DSC_0354-300x201.jpg 300w, https:\/\/kjg-ummeln.de\/ffblog16\/wp-content\/uploads\/2016\/08\/DSC_0354-768x513.jpg 768w, https:\/\/kjg-ummeln.de\/ffblog16\/wp-content\/uploads\/2016\/08\/DSC_0354-1024x684.jpg 1024w\" sizes=\"(max-width: 2992px) 100vw, 2992px\" \/>\n<p>&nbsp;<\/p>\n","protected":false},"excerpt":{"rendered":"<p>Statt des klassischen Abendessens, grillten wir heute drau\u00dfen. Das l\u00f6ste bei allen nat\u00fcrlich Freude aus, doch noch mehr freuten wir uns dar\u00fcber, dass Herbert uns besuchen kam und mit uns den Gottesdienst feierte.<\/p>\n","protected":false},"author":1,"featured_media":0,"comment_status":"closed","ping_status":"closed","sticky":false,"template":"","format":"standard","meta":{"ngg_post_thumbnail":0},"categories":[1],"tags":[],"_links":{"self":[{"href":"https:\/\/kjg-ummeln.de\/ffblog16\/wp-json\/wp\/v2\/posts\/164"}],"collection":[{"href":"https:\/\/kjg-ummeln.de\/ffblog16\/wp-json\/wp\/v2\/posts"}],"about":[{"href":"https:\/\/kjg-ummeln.de\/ffblog16\/wp-json\/wp\/v2\/types\/post"}],"author":[{"embeddable":true,"href":"https:\/\/kjg-ummeln.de\/ffblog16\/wp-json\/wp\/v2\/users\/1"}],"replies":[{"embeddable":true,"href":"https:\/\/kjg-ummeln.de\/ffblog16\/wp-json\/wp\/v2\/comments?post=164"}],"version-history":[{"count":3,"href":"https:\/\/kjg-ummeln.de\/ffblog16\/wp-json\/wp\/v2\/posts\/164\/revisions"}],"predecessor-version":[{"id":225,"href":"https:\/\/kjg-ummeln.de\/ffblog16\/wp-json\/wp\/v2\/posts\/164\/revisions\/225"}],"wp:attachment":[{"href":"https:\/\/kjg-ummeln.de\/ffblog16\/wp-json\/wp\/v2\/media?parent=164"}],"wp:term":[{"taxonomy":"category","embeddable":true,"href":"https:\/\/kjg-ummeln.de\/ffblog16\/wp-json\/wp\/v2\/categories?post=164"},{"taxonomy":"post_tag","embeddable":true,"href":"https:\/\/kjg-ummeln.de\/ffblog16\/wp-json\/wp\/v2\/tags?post=164"}],"curies":[{"name":"wp","href":"https:\/\/api.w.org\/{rel}","templated":true}]}}