{"id":20,"date":"2025-08-04T12:12:09","date_gmt":"2025-08-04T10:12:09","guid":{"rendered":"https:\/\/kjg-ummeln.de\/ffblog25\/?p=20"},"modified":"2025-08-04T12:14:40","modified_gmt":"2025-08-04T10:14:40","slug":"tag-1-los-gehts","status":"publish","type":"post","link":"https:\/\/kjg-ummeln.de\/ffblog25\/tag-1-los-gehts\/","title":{"rendered":"TAG 1 &#8211; Los geht&#8217;s"},"content":{"rendered":"<p>Nach einem Jahr Vorfreude war es endlich wieder so weit: Treffen an der Kirche, 9:30 Uhr &#8211; auf zur Ferienfreizeit 2025!<br \/>\n<!--more--><\/p>\n<h2><strong data-start=\"75\" data-end=\"113\">Gottesdienst &amp; Busfahrt<\/strong><\/h2>\n<p>Heutiges Thema der Sonntagsmesse? &#8211; Ferienzeit<\/p>\n<p>Passend, um uns als KjG St. Michael Ummeln zur Ferienfreizeit 2025 zu verabschieden! Voller Vorfreude, guter W\u00fcnsche, Segensworte und sicherlich vielen S\u00fc\u00dfigkeiten im Gep\u00e4ck ging&#8217;s ab zum Bus!<\/p>\n<p>Die Busfahrt war zwar recht kurz, hatte es daf\u00fcr aber ordentlich in sich: Die letzten Meter zu unserem Ziel f\u00fchrten uns \u00fcber eine steile Bergstra\u00dfe mit einer so engen Kurve, die f\u00fcr Spannung und ein bisschen Nervenkitzel sorgte. Nach ein paar aufregenden Minuten haben wir Kloster Brunnen dann unversehrt erreicht.<\/p>\n<p>Dort wurden wir uns unserem wunderbaren K\u00fcchenteam schon mit einer leckeren Asiapfanne mit Fr\u00fchlingstollen begr\u00fc\u00dft.<\/p>\n<p>Gest\u00e4rkt ging es dann in eine kurze Mittagspause, bevor wir mit dem ersten Programmpunkt starteten.<\/p>\n<p><img loading=\"lazy\" decoding=\"async\" class=\"alignnone size-medium wp-image-24\" src=\"https:\/\/kjg-ummeln.de\/ffblog25\/wp-content\/uploads\/2025\/08\/IMG_4558-225x300.jpg\" alt=\"\" width=\"225\" height=\"300\" srcset=\"https:\/\/kjg-ummeln.de\/ffblog25\/wp-content\/uploads\/2025\/08\/IMG_4558-225x300.jpg 225w, https:\/\/kjg-ummeln.de\/ffblog25\/wp-content\/uploads\/2025\/08\/IMG_4558-768x1024.jpg 768w, https:\/\/kjg-ummeln.de\/ffblog25\/wp-content\/uploads\/2025\/08\/IMG_4558-1152x1536.jpg 1152w, https:\/\/kjg-ummeln.de\/ffblog25\/wp-content\/uploads\/2025\/08\/IMG_4558-1536x2048.jpg 1536w, https:\/\/kjg-ummeln.de\/ffblog25\/wp-content\/uploads\/2025\/08\/IMG_4558-scaled.jpg 1920w\" sizes=\"auto, (max-width: 225px) 100vw, 225px\" \/><\/p>\n<p><img loading=\"lazy\" decoding=\"async\" class=\"alignnone size-medium wp-image-23\" src=\"https:\/\/kjg-ummeln.de\/ffblog25\/wp-content\/uploads\/2025\/08\/IMG_4552-225x300.jpg\" alt=\"\" width=\"225\" height=\"300\" srcset=\"https:\/\/kjg-ummeln.de\/ffblog25\/wp-content\/uploads\/2025\/08\/IMG_4552-225x300.jpg 225w, https:\/\/kjg-ummeln.de\/ffblog25\/wp-content\/uploads\/2025\/08\/IMG_4552-768x1024.jpg 768w, https:\/\/kjg-ummeln.de\/ffblog25\/wp-content\/uploads\/2025\/08\/IMG_4552-1152x1536.jpg 1152w, https:\/\/kjg-ummeln.de\/ffblog25\/wp-content\/uploads\/2025\/08\/IMG_4552-1536x2048.jpg 1536w, https:\/\/kjg-ummeln.de\/ffblog25\/wp-content\/uploads\/2025\/08\/IMG_4552-scaled.jpg 1920w\" sizes=\"auto, (max-width: 225px) 100vw, 225px\" \/><\/p>\n<h2><\/h2>\n<p>&nbsp;<\/p>\n<h2><strong>Bingo &#8211; Wer bist du denn?\u00a0<\/strong><\/h2>\n<p>Nat\u00fcrlich d\u00fcrfen die Kennlernspiele auch auf dieser Ferienfreizeit nicht fehlen! Um zu all den neuen und alten Gesichtern auch einen Namen zu haben, starteten wir mit unserem Kennlern-Bingo:<\/p>\n<blockquote><p>&#8222;Hast du ein Haustier?&#8220; &#8211; Dann unterschreib bitte bei mir in diesem Feld<\/p><\/blockquote>\n<p>Viele weitere Fragen rund um Reisen, Geschwister und Augenfarbe folgten, bevor die ersten Bingos gerufen wurden.<\/p>\n<p>Weiter ging es mit dem klassischen Aufstellen nach Hausnummern, Schuhgr\u00f6\u00dfe und Namen, bevor lauter kleine Schafe ihren Weg zu ihrem Hirten finden mussten. Was das auf sich hat? Jede Kleingruppe wurde zu einer Schafsherde mit einem Codewort, das der Hirte den durch Schlafmasken erblindeten Schafen zurufen musste. So konnte jeder von uns seinen Hirten wiederfinden und gleich die Stimmen von allen kennenlernen.<\/p>\n<h2><img loading=\"lazy\" decoding=\"async\" class=\"alignnone size-medium wp-image-25\" src=\"https:\/\/kjg-ummeln.de\/ffblog25\/wp-content\/uploads\/2025\/08\/IMG_4567-225x300.jpg\" alt=\"\" width=\"225\" height=\"300\" srcset=\"https:\/\/kjg-ummeln.de\/ffblog25\/wp-content\/uploads\/2025\/08\/IMG_4567-225x300.jpg 225w, https:\/\/kjg-ummeln.de\/ffblog25\/wp-content\/uploads\/2025\/08\/IMG_4567-768x1024.jpg 768w, https:\/\/kjg-ummeln.de\/ffblog25\/wp-content\/uploads\/2025\/08\/IMG_4567-1152x1536.jpg 1152w, https:\/\/kjg-ummeln.de\/ffblog25\/wp-content\/uploads\/2025\/08\/IMG_4567-1536x2048.jpg 1536w, https:\/\/kjg-ummeln.de\/ffblog25\/wp-content\/uploads\/2025\/08\/IMG_4567-scaled.jpg 1920w\" sizes=\"auto, (max-width: 225px) 100vw, 225px\" \/><\/h2>\n<h2><img loading=\"lazy\" decoding=\"async\" class=\"alignnone size-medium wp-image-26\" src=\"https:\/\/kjg-ummeln.de\/ffblog25\/wp-content\/uploads\/2025\/08\/IMG_4573-225x300.jpg\" alt=\"\" width=\"225\" height=\"300\" srcset=\"https:\/\/kjg-ummeln.de\/ffblog25\/wp-content\/uploads\/2025\/08\/IMG_4573-225x300.jpg 225w, https:\/\/kjg-ummeln.de\/ffblog25\/wp-content\/uploads\/2025\/08\/IMG_4573-768x1024.jpg 768w, https:\/\/kjg-ummeln.de\/ffblog25\/wp-content\/uploads\/2025\/08\/IMG_4573-1152x1536.jpg 1152w, https:\/\/kjg-ummeln.de\/ffblog25\/wp-content\/uploads\/2025\/08\/IMG_4573-1536x2048.jpg 1536w, https:\/\/kjg-ummeln.de\/ffblog25\/wp-content\/uploads\/2025\/08\/IMG_4573-scaled.jpg 1920w\" sizes=\"auto, (max-width: 225px) 100vw, 225px\" \/><\/h2>\n<h2><\/h2>\n<p>&nbsp;<\/p>\n<h2><strong data-start=\"1058\" data-end=\"1072\">Jakob hoch oder Emilia runter?\u00a0<\/strong><\/h2>\n<p>Am fr\u00fchen Abend wurde es sportlich \u2013 bei \u201eJakob hoch\u201c war Schnelligkeit und Teamgeist gefragt. W\u00e4hrend 3 unserer Gruppe, die anderen auf dem Gel\u00e4nde suchen und dann an einem Ball in der Mitte abschlagen mussten, war es die Aufgabe der anderen, diesen Ball f\u00fcr einen Siegpunkt wegzuschie\u00dfen. \u00a0Gelang es ihnen, durften alle Gefangenen sich neu verstecken. Und wie schie\u00dft man den Ball weg, ohne selbst mit Namen vom F\u00e4nge erkannt zu werden? &#8211; Mit Pulli Tausch &#8211;&gt; So wurde Sinja zu Paula und Zoe zu Inga.<\/p>\n<p>&nbsp;<\/p>\n<h2>Abendrunde &#8211; Die Welt von Peter Pan<\/h2>\n<p>Zum Tagesabschluss wurde es ruhiger und wir tauchten gemeinsam in\u00a0<em>die Welt von Peter Pan<\/em>\u00a0ein \u2013 das diesj\u00e4hrige Thema unserer Abendrunde. Wir lernten kennen, wer Peter Pan eigentlich ist, welche Tr\u00e4ume ihn antreiben, und was Freiheit f\u00fcr ihn bedeutet. Ein wichtiger Impuls, um diese Fragen auch f\u00fcr uns zu kl\u00e4ren. All diese wundersch\u00f6nen \u00dcberlegungen finden wir in unserem diesj\u00e4hrigen Freizeitlied &#8222;Insel&#8220; von Juli wieder:<\/p>\n<blockquote><p>&#8222;Ein kleiner Fleck im gro\u00dfen Meer. Ein kleiner Punkt, so weit entfernt.&#8220;<\/p><\/blockquote>\n<p>Ein inspirierender Abschluss nach einem aufregenden ersten Tag.<\/p>\n<p><img loading=\"lazy\" decoding=\"async\" class=\"alignnone size-medium wp-image-27\" style=\"font-size: 1.125rem;\" src=\"https:\/\/kjg-ummeln.de\/ffblog25\/wp-content\/uploads\/2025\/08\/1676bc4f-cb5f-478d-918c-ba4c048b80e7-300x225.jpg\" alt=\"\" width=\"300\" height=\"225\" srcset=\"https:\/\/kjg-ummeln.de\/ffblog25\/wp-content\/uploads\/2025\/08\/1676bc4f-cb5f-478d-918c-ba4c048b80e7-300x225.jpg 300w, https:\/\/kjg-ummeln.de\/ffblog25\/wp-content\/uploads\/2025\/08\/1676bc4f-cb5f-478d-918c-ba4c048b80e7-1024x768.jpg 1024w, https:\/\/kjg-ummeln.de\/ffblog25\/wp-content\/uploads\/2025\/08\/1676bc4f-cb5f-478d-918c-ba4c048b80e7-768x576.jpg 768w, https:\/\/kjg-ummeln.de\/ffblog25\/wp-content\/uploads\/2025\/08\/1676bc4f-cb5f-478d-918c-ba4c048b80e7-1536x1152.jpg 1536w, https:\/\/kjg-ummeln.de\/ffblog25\/wp-content\/uploads\/2025\/08\/1676bc4f-cb5f-478d-918c-ba4c048b80e7.jpg 1600w\" sizes=\"auto, (max-width: 300px) 100vw, 300px\" \/><\/p>\n<p>Es war ein sch\u00f6ner, nachdenklicher Ausklang nach einem ereignisreichen ersten Tag.<\/p>\n<p data-start=\"1058\" data-end=\"1438\">\n","protected":false},"excerpt":{"rendered":"<p>Nach einem Jahr Vorfreude war es endlich wieder so weit: Treffen an der Kirche, 9:30 Uhr &#8211; auf zur Ferienfreizeit<\/p>\n","protected":false},"author":1,"featured_media":30,"comment_status":"closed","ping_status":"open","sticky":false,"template":"","format":"standard","meta":{"footnotes":""},"categories":[1],"tags":[],"class_list":["post-20","post","type-post","status-publish","format-standard","has-post-thumbnail","hentry","category-uncategorized"],"_links":{"self":[{"href":"https:\/\/kjg-ummeln.de\/ffblog25\/wp-json\/wp\/v2\/posts\/20","targetHints":{"allow":["GET"]}}],"collection":[{"href":"https:\/\/kjg-ummeln.de\/ffblog25\/wp-json\/wp\/v2\/posts"}],"about":[{"href":"https:\/\/kjg-ummeln.de\/ffblog25\/wp-json\/wp\/v2\/types\/post"}],"author":[{"embeddable":true,"href":"https:\/\/kjg-ummeln.de\/ffblog25\/wp-json\/wp\/v2\/users\/1"}],"replies":[{"embeddable":true,"href":"https:\/\/kjg-ummeln.de\/ffblog25\/wp-json\/wp\/v2\/comments?post=20"}],"version-history":[{"count":10,"href":"https:\/\/kjg-ummeln.de\/ffblog25\/wp-json\/wp\/v2\/posts\/20\/revisions"}],"predecessor-version":[{"id":36,"href":"https:\/\/kjg-ummeln.de\/ffblog25\/wp-json\/wp\/v2\/posts\/20\/revisions\/36"}],"wp:featuredmedia":[{"embeddable":true,"href":"https:\/\/kjg-ummeln.de\/ffblog25\/wp-json\/wp\/v2\/media\/30"}],"wp:attachment":[{"href":"https:\/\/kjg-ummeln.de\/ffblog25\/wp-json\/wp\/v2\/media?parent=20"}],"wp:term":[{"taxonomy":"category","embeddable":true,"href":"https:\/\/kjg-ummeln.de\/ffblog25\/wp-json\/wp\/v2\/categories?post=20"},{"taxonomy":"post_tag","embeddable":true,"href":"https:\/\/kjg-ummeln.de\/ffblog25\/wp-json\/wp\/v2\/tags?post=20"}],"curies":[{"name":"wp","href":"https:\/\/api.w.org\/{rel}","templated":true}]}}