{"id":51,"date":"2025-08-06T12:29:57","date_gmt":"2025-08-06T10:29:57","guid":{"rendered":"https:\/\/kjg-ummeln.de\/ffblog25\/?p=51"},"modified":"2025-08-08T02:29:38","modified_gmt":"2025-08-08T00:29:38","slug":"tag-3-raetsel-mut-teamgeist","status":"publish","type":"post","link":"https:\/\/kjg-ummeln.de\/ffblog25\/tag-3-raetsel-mut-teamgeist\/","title":{"rendered":"TAG 3 &#8211; R\u00e4tsel, Mut &#038; Teamgeist"},"content":{"rendered":"<p>Logik, Geheimnisse und spannende Begegnungen standen heute auf dem Tagesplan&#8230;<\/p>\n<p><!--more--><\/p>\n<p>&#8230;Neugierig, wie viel Spa\u00df und Abenteuer dahinterstecken?<\/p>\n<h2>Sherlock Holmes &#8211; Schnitzeljagd<\/h2>\n<p>Als angehende Detektive waren wir bereit f\u00fcr unseren ersten Fall. Der Auftrag war klar: Vier R\u00e4tselstationen, ein Ziel \u2013 den Fall l\u00f6sen wie echte Sherlocks.<\/p>\n<p>Unsere Aufgabe als Nachwuchsdetektive:<\/p>\n<p><em>Spuren sichern<\/em> &#8211; Wir nahmen pers\u00f6nliche Gegenst\u00e4nde genau unter die Lupe, um herauszufinden, zu welchem Leiter sie geh\u00f6ren.<\/p>\n<p><em>Codewort finden<\/em> &#8211; In einer dunklen Kammer suchten wir mit einer speziellen Taschenlampe versteckte Buchstaben, um daraus das kniffliges Codewort zusammenzusetzen. Nach ein paar Sekunden &#8211; naja wohl doch eher Minuten wurde aus Besenliste dann auch Besenstiel.<\/p>\n<p><em>Gem\u00e4ldef\u00e4lschungen<\/em> &#8211; Aufmerksam kontrollierten wir vermeintlich gef\u00e4lschten Flyer nach kleinen Unterschieden zum Original \u2013 nur die genauesten Augen konnten das R\u00e4tsel l\u00f6sen.<\/p>\n<p><em>Personenschutz<\/em> &#8211; Zum Schluss wurden wir zu Bodyguards und mussten gemeinsam Fisch, Maus und K\u00e4se sicher \u00fcber einen Fluss bringen, ohne dass jemand gefressen wir.<\/p>\n<p>Ein spannender Programmpunkt, der uns am Ende doch ein wenig wie Sherlock Holmes f\u00fchlen lassen hat.\u00a0Hungrig ging es f\u00fcr uns zum Mittagessen &#8211; ein Highlight, denn es gab Burger!<\/p>\n<p><img loading=\"lazy\" decoding=\"async\" class=\"size-medium wp-image-60\" src=\"https:\/\/kjg-ummeln.de\/ffblog25\/wp-content\/uploads\/2025\/08\/IMG_4764-173x300.jpg\" alt=\"\" width=\"173\" height=\"300\" srcset=\"https:\/\/kjg-ummeln.de\/ffblog25\/wp-content\/uploads\/2025\/08\/IMG_4764-173x300.jpg 173w, https:\/\/kjg-ummeln.de\/ffblog25\/wp-content\/uploads\/2025\/08\/IMG_4764-589x1024.jpg 589w, https:\/\/kjg-ummeln.de\/ffblog25\/wp-content\/uploads\/2025\/08\/IMG_4764-768x1335.jpg 768w, https:\/\/kjg-ummeln.de\/ffblog25\/wp-content\/uploads\/2025\/08\/IMG_4764-884x1536.jpg 884w, https:\/\/kjg-ummeln.de\/ffblog25\/wp-content\/uploads\/2025\/08\/IMG_4764.jpg 1179w\" sizes=\"auto, (max-width: 173px) 100vw, 173px\" \/><\/p>\n<p><img loading=\"lazy\" decoding=\"async\" class=\"size-medium wp-image-59\" src=\"https:\/\/kjg-ummeln.de\/ffblog25\/wp-content\/uploads\/2025\/08\/IMG_4765-172x300.jpg\" alt=\"\" width=\"172\" height=\"300\" srcset=\"https:\/\/kjg-ummeln.de\/ffblog25\/wp-content\/uploads\/2025\/08\/IMG_4765-172x300.jpg 172w, https:\/\/kjg-ummeln.de\/ffblog25\/wp-content\/uploads\/2025\/08\/IMG_4765-585x1024.jpg 585w, https:\/\/kjg-ummeln.de\/ffblog25\/wp-content\/uploads\/2025\/08\/IMG_4765-768x1343.jpg 768w, https:\/\/kjg-ummeln.de\/ffblog25\/wp-content\/uploads\/2025\/08\/IMG_4765-878x1536.jpg 878w, https:\/\/kjg-ummeln.de\/ffblog25\/wp-content\/uploads\/2025\/08\/IMG_4765-1171x2048.jpg 1171w, https:\/\/kjg-ummeln.de\/ffblog25\/wp-content\/uploads\/2025\/08\/IMG_4765.jpg 1179w\" sizes=\"auto, (max-width: 172px) 100vw, 172px\" \/><\/p>\n<p>&nbsp;<\/p>\n<h2>Gottesdienst &#8211; Nimmerland Momente<\/h2>\n<p>Ein Standard auf jeder Ferienfreizeit &#8211; der Gottesdienst, f\u00fcr den selbstverst\u00e4ndlich Herbert wieder zu Besuch kam.<br \/>\nIm Gottesdienst, passend zu unserer Abendrunde, ging es um die verlorenen Kinder aus dem Nimmerland:<\/p>\n<p>Die verspielten, immer kindlich bleibenden verlorenen Kinder haben uns von ihrem ersten Eindruck auf Wendy berichtet und uns zum Nachdenken eingeladen.<\/p>\n<p>Was wir von ihnen lernen konnten?<\/p>\n<p>Dass es in Ordnung ist, sich manchmal verloren zu f\u00fchlen. Dass wir nicht perfekt sein m\u00fcssen.<br \/>\nDass jeder von uns ein bisschen Peter Pan, ein bisschen Tinkerbell, ein bisschen \u201everlorenes Kind\u201c in sich tr\u00e4gt \u2013 und trotzdem genau richtig ist.<\/p>\n<p><img loading=\"lazy\" decoding=\"async\" class=\"alignnone size-medium wp-image-58\" src=\"https:\/\/kjg-ummeln.de\/ffblog25\/wp-content\/uploads\/2025\/08\/IMG_4644-225x300.jpg\" alt=\"\" width=\"225\" height=\"300\" srcset=\"https:\/\/kjg-ummeln.de\/ffblog25\/wp-content\/uploads\/2025\/08\/IMG_4644-225x300.jpg 225w, https:\/\/kjg-ummeln.de\/ffblog25\/wp-content\/uploads\/2025\/08\/IMG_4644-768x1024.jpg 768w, https:\/\/kjg-ummeln.de\/ffblog25\/wp-content\/uploads\/2025\/08\/IMG_4644-1152x1536.jpg 1152w, https:\/\/kjg-ummeln.de\/ffblog25\/wp-content\/uploads\/2025\/08\/IMG_4644-1536x2048.jpg 1536w, https:\/\/kjg-ummeln.de\/ffblog25\/wp-content\/uploads\/2025\/08\/IMG_4644-scaled.jpg 1920w\" sizes=\"auto, (max-width: 225px) 100vw, 225px\" \/><\/p>\n<p><img loading=\"lazy\" decoding=\"async\" class=\"alignnone size-medium wp-image-57\" src=\"https:\/\/kjg-ummeln.de\/ffblog25\/wp-content\/uploads\/2025\/08\/IMG_4645-225x300.jpg\" alt=\"\" width=\"225\" height=\"300\" srcset=\"https:\/\/kjg-ummeln.de\/ffblog25\/wp-content\/uploads\/2025\/08\/IMG_4645-225x300.jpg 225w, https:\/\/kjg-ummeln.de\/ffblog25\/wp-content\/uploads\/2025\/08\/IMG_4645-768x1024.jpg 768w, https:\/\/kjg-ummeln.de\/ffblog25\/wp-content\/uploads\/2025\/08\/IMG_4645-1152x1536.jpg 1152w, https:\/\/kjg-ummeln.de\/ffblog25\/wp-content\/uploads\/2025\/08\/IMG_4645-1536x2048.jpg 1536w, https:\/\/kjg-ummeln.de\/ffblog25\/wp-content\/uploads\/2025\/08\/IMG_4645-scaled.jpg 1920w\" sizes=\"auto, (max-width: 225px) 100vw, 225px\" \/><\/p>\n<p>&nbsp;<\/p>\n<h2><strong>Showtime \u2013 Lass das mal den Papa machen.<\/strong><\/h2>\n<p>Am Abend wurde es wild \u2013 und vor allem witzig. Bei der gro\u00dfen Show \u201eLass das mal Papa machen\u201c hatten Paula und Patrick das Ruder in der Hand \u2013 oder eher: die Aufgabenliste. Denn es gab einiges zu tun!<br \/>\nAber keine Sorge: Niemand musste das alles allein schaffen. Immer wieder holten sich die beiden tatkr\u00e4ftige Unterst\u00fctzung aus dem Publikum auf die B\u00fchne \u2013 und so wurde ger\u00e4tselt, gesch\u00e4tzt und gebl\u00e4ttert, was das Zeug h\u00e4lt.<\/p>\n<p>Eine Aufgabe forderte Augenma\u00df: Wie viele Gegenst\u00e4nde braucht man, um gemeinsam eine bestimmte L\u00e4nge zu erreichen?<br \/>\nWoanders wurde es sportlich \u2013 mit Inlinern ging\u2019s los zum Einkauf, quer durch den Raum. \u00a0 \u00a0 \u00a0 \u00a0 \u00a0 \u00a0 \u00a0 Mit einem professionellen Werkzeug \u00a0&#8211; einer Nagelschere &#8211; wurde der Rasen auf 4\u00a0mm getrimmt und f\u00fcr alle Schn\u00e4ppchenj\u00e4ger war ebenfalls was dabei: Wer findet am schnellsten die besten Schnapper-Angebote aus den Werbezetteln?<\/p>\n<p>Fazit des Abends? Aufgabenliste abgearbeitet &amp; Publikum begeistert \u2013 ganz klar: Lass das mal den Papa machen &#8211; oder doch lieber uns auf der Ferienfreizeit!<\/p>\n<p><img loading=\"lazy\" decoding=\"async\" class=\"alignnone size-medium wp-image-53\" style=\"font-size: 1.125rem;\" src=\"https:\/\/kjg-ummeln.de\/ffblog25\/wp-content\/uploads\/2025\/08\/IMG_4688-225x300.jpg\" alt=\"\" width=\"225\" height=\"300\" srcset=\"https:\/\/kjg-ummeln.de\/ffblog25\/wp-content\/uploads\/2025\/08\/IMG_4688-225x300.jpg 225w, https:\/\/kjg-ummeln.de\/ffblog25\/wp-content\/uploads\/2025\/08\/IMG_4688-768x1024.jpg 768w, https:\/\/kjg-ummeln.de\/ffblog25\/wp-content\/uploads\/2025\/08\/IMG_4688-1152x1536.jpg 1152w, https:\/\/kjg-ummeln.de\/ffblog25\/wp-content\/uploads\/2025\/08\/IMG_4688-1536x2048.jpg 1536w, https:\/\/kjg-ummeln.de\/ffblog25\/wp-content\/uploads\/2025\/08\/IMG_4688-scaled.jpg 1920w\" sizes=\"auto, (max-width: 225px) 100vw, 225px\" \/><\/p>\n<p><img loading=\"lazy\" decoding=\"async\" class=\"alignnone size-medium wp-image-56\" src=\"https:\/\/kjg-ummeln.de\/ffblog25\/wp-content\/uploads\/2025\/08\/IMG_4665-169x300.jpg\" alt=\"\" width=\"169\" height=\"300\" srcset=\"https:\/\/kjg-ummeln.de\/ffblog25\/wp-content\/uploads\/2025\/08\/IMG_4665-169x300.jpg 169w, https:\/\/kjg-ummeln.de\/ffblog25\/wp-content\/uploads\/2025\/08\/IMG_4665-576x1024.jpg 576w, https:\/\/kjg-ummeln.de\/ffblog25\/wp-content\/uploads\/2025\/08\/IMG_4665-768x1365.jpg 768w, https:\/\/kjg-ummeln.de\/ffblog25\/wp-content\/uploads\/2025\/08\/IMG_4665-864x1536.jpg 864w, https:\/\/kjg-ummeln.de\/ffblog25\/wp-content\/uploads\/2025\/08\/IMG_4665-1152x2048.jpg 1152w, https:\/\/kjg-ummeln.de\/ffblog25\/wp-content\/uploads\/2025\/08\/IMG_4665-scaled.jpg 1440w\" sizes=\"auto, (max-width: 169px) 100vw, 169px\" \/><\/p>\n<p><img loading=\"lazy\" decoding=\"async\" class=\"alignnone size-medium wp-image-55\" src=\"https:\/\/kjg-ummeln.de\/ffblog25\/wp-content\/uploads\/2025\/08\/IMG_4674-225x300.jpg\" alt=\"\" width=\"225\" height=\"300\" srcset=\"https:\/\/kjg-ummeln.de\/ffblog25\/wp-content\/uploads\/2025\/08\/IMG_4674-225x300.jpg 225w, https:\/\/kjg-ummeln.de\/ffblog25\/wp-content\/uploads\/2025\/08\/IMG_4674-768x1024.jpg 768w, https:\/\/kjg-ummeln.de\/ffblog25\/wp-content\/uploads\/2025\/08\/IMG_4674-1152x1536.jpg 1152w, https:\/\/kjg-ummeln.de\/ffblog25\/wp-content\/uploads\/2025\/08\/IMG_4674-1536x2048.jpg 1536w, https:\/\/kjg-ummeln.de\/ffblog25\/wp-content\/uploads\/2025\/08\/IMG_4674-scaled.jpg 1920w\" sizes=\"auto, (max-width: 225px) 100vw, 225px\" \/><\/p>\n<p>&nbsp;<\/p>\n<h2>Nachtspiel &#8211; Werwolfjagd XXL<\/h2>\n<p>Gestern Abend stand ein ganz besonderes Nachtspiel auf dem Plan: \u201eWerw\u00f6lfe\u201c \u2013 aber nicht im Kreis sitzend, mit Karten, sondern drau\u00dfen, im Dunkeln, mitten in Action!<\/p>\n<p>Jeder schl\u00fcpfte in eine Rolle: Werwolf, Seherin, Hexe, kleines M\u00e4dchen \u2026 und dann ging es los: Rennen, Fl\u00fcstern und Verstecken \u2013 Im Schutz der Nacht schlichen wir durch das Gel\u00e4nde, immer mit einem Auge auf m\u00f6gliche Verb\u00fcndete \u2013 oder Feinde und auf der Hut vor gegnerischen Werw\u00f6lfen.<\/p>\n<p>Leider machte uns das Wetter einen Strich durch die Rechnung, und das Spiel musste vorzeitig abgebrochen werden. Aber eines ist sicher: Die Werw\u00f6lfe werden wiederkommen!<\/p>\n<p>&nbsp;<\/p>\n","protected":false},"excerpt":{"rendered":"<p>Logik, Geheimnisse und spannende Begegnungen standen heute auf dem Tagesplan&#8230;<\/p>\n","protected":false},"author":1,"featured_media":54,"comment_status":"closed","ping_status":"open","sticky":false,"template":"","format":"standard","meta":{"footnotes":""},"categories":[1],"tags":[],"class_list":["post-51","post","type-post","status-publish","format-standard","has-post-thumbnail","hentry","category-uncategorized"],"_links":{"self":[{"href":"https:\/\/kjg-ummeln.de\/ffblog25\/wp-json\/wp\/v2\/posts\/51","targetHints":{"allow":["GET"]}}],"collection":[{"href":"https:\/\/kjg-ummeln.de\/ffblog25\/wp-json\/wp\/v2\/posts"}],"about":[{"href":"https:\/\/kjg-ummeln.de\/ffblog25\/wp-json\/wp\/v2\/types\/post"}],"author":[{"embeddable":true,"href":"https:\/\/kjg-ummeln.de\/ffblog25\/wp-json\/wp\/v2\/users\/1"}],"replies":[{"embeddable":true,"href":"https:\/\/kjg-ummeln.de\/ffblog25\/wp-json\/wp\/v2\/comments?post=51"}],"version-history":[{"count":4,"href":"https:\/\/kjg-ummeln.de\/ffblog25\/wp-json\/wp\/v2\/posts\/51\/revisions"}],"predecessor-version":[{"id":65,"href":"https:\/\/kjg-ummeln.de\/ffblog25\/wp-json\/wp\/v2\/posts\/51\/revisions\/65"}],"wp:featuredmedia":[{"embeddable":true,"href":"https:\/\/kjg-ummeln.de\/ffblog25\/wp-json\/wp\/v2\/media\/54"}],"wp:attachment":[{"href":"https:\/\/kjg-ummeln.de\/ffblog25\/wp-json\/wp\/v2\/media?parent=51"}],"wp:term":[{"taxonomy":"category","embeddable":true,"href":"https:\/\/kjg-ummeln.de\/ffblog25\/wp-json\/wp\/v2\/categories?post=51"},{"taxonomy":"post_tag","embeddable":true,"href":"https:\/\/kjg-ummeln.de\/ffblog25\/wp-json\/wp\/v2\/tags?post=51"}],"curies":[{"name":"wp","href":"https:\/\/api.w.org\/{rel}","templated":true}]}}