{"id":62,"date":"2025-08-08T02:47:07","date_gmt":"2025-08-08T00:47:07","guid":{"rendered":"https:\/\/kjg-ummeln.de\/ffblog25\/?p=62"},"modified":"2025-08-09T01:17:45","modified_gmt":"2025-08-08T23:17:45","slug":"tag-4-baumeister-detektive-und-traeumer","status":"publish","type":"post","link":"https:\/\/kjg-ummeln.de\/ffblog25\/tag-4-baumeister-detektive-und-traeumer\/","title":{"rendered":"TAG 4 &#8211; Baumeister, Detektive und Tr\u00e4umer"},"content":{"rendered":"<p>Vom Baustellenstress zu leisen Momenten mit Tinkerbell \u2013 unser Tag hatte alles<\/p>\n<p><!--more--><\/p>\n<h2>Brunch mit Fr\u00fchst\u00fccksfernsehen<\/h2>\n<p>Heute Morgen startete der Tag mit einer ganz besonderen \u00dcberraschung:<\/p>\n<p>Statt wie gewohnt im Speisesaal zu fr\u00fchst\u00fccken, hie\u00df es diesmal Fr\u00fchst\u00fcck im Plenum.<br \/>\nUnd wer dachte, dass es langweilig wird, der lag falsch &#8211; uns erwartete die Show 2.3 mit Sahneh\u00e4ubchen.<\/p>\n<p>Direkt zu Beginn ging es los mit der ersten Challenge: Sahne schlagen um die Wette \u2013 zwei Personen, zwei Sch\u00fcsseln, zwei Schneebesen und wer zuerst fertig ist, gewinnt.<\/p>\n<p>Die fertige Sahne hatte dabei gleich eine doppelte Funktion. Zum einen diente es als Challenge und zum anderen wurde es nat\u00fcrlich zur Belustigung aller im Laufe der Show als \u201eBestrafung\u201c f\u00fcr die Verlierer verteilt. Danach ging es direkt weiter mit einem M\u00f6hren-Sch\u00e4l-Duell, bei dem Schnelligkeit gefragt war. Als N\u00e4chstes forderte einer der Moderatoren eine Zuschauerin auf ein Freundschaftsquiz auf, um zu sehen, wie gut sie sich kennen oder auch nicht. Und jedes Mal, wenn sie verlor, dann hie\u00df es wieder mal: Sahne Go!<br \/>\nZum Schluss gab es noch einen \u00dcberraschungsbesuch von Leon De Vall, der f\u00fcr uns das Lied Wonderwall performte.<\/p>\n<p>Es war wild. Es war laut, aber vor allem lustig und ein perfekter Start in einen neuen Tag.<\/p>\n<p><img loading=\"lazy\" decoding=\"async\" class=\"alignnone size-medium wp-image-77\" src=\"https:\/\/kjg-ummeln.de\/ffblog25\/wp-content\/uploads\/2025\/08\/IMG_5012-2-187x300.jpg\" alt=\"\" width=\"187\" height=\"300\" srcset=\"https:\/\/kjg-ummeln.de\/ffblog25\/wp-content\/uploads\/2025\/08\/IMG_5012-2-187x300.jpg 187w, https:\/\/kjg-ummeln.de\/ffblog25\/wp-content\/uploads\/2025\/08\/IMG_5012-2-638x1024.jpg 638w, https:\/\/kjg-ummeln.de\/ffblog25\/wp-content\/uploads\/2025\/08\/IMG_5012-2-768x1233.jpg 768w, https:\/\/kjg-ummeln.de\/ffblog25\/wp-content\/uploads\/2025\/08\/IMG_5012-2-957x1536.jpg 957w, https:\/\/kjg-ummeln.de\/ffblog25\/wp-content\/uploads\/2025\/08\/IMG_5012-2.jpg 1179w\" sizes=\"auto, (max-width: 187px) 100vw, 187px\" \/><\/p>\n<p><img loading=\"lazy\" decoding=\"async\" class=\"alignnone size-medium wp-image-79\" src=\"https:\/\/kjg-ummeln.de\/ffblog25\/wp-content\/uploads\/2025\/08\/IMG_4720-2-225x300.jpg\" alt=\"\" width=\"225\" height=\"300\" srcset=\"https:\/\/kjg-ummeln.de\/ffblog25\/wp-content\/uploads\/2025\/08\/IMG_4720-2-225x300.jpg 225w, https:\/\/kjg-ummeln.de\/ffblog25\/wp-content\/uploads\/2025\/08\/IMG_4720-2-768x1024.jpg 768w, https:\/\/kjg-ummeln.de\/ffblog25\/wp-content\/uploads\/2025\/08\/IMG_4720-2-1152x1536.jpg 1152w, https:\/\/kjg-ummeln.de\/ffblog25\/wp-content\/uploads\/2025\/08\/IMG_4720-2-1536x2048.jpg 1536w, https:\/\/kjg-ummeln.de\/ffblog25\/wp-content\/uploads\/2025\/08\/IMG_4720-2-scaled.jpg 1920w\" sizes=\"auto, (max-width: 225px) 100vw, 225px\" \/> <img loading=\"lazy\" decoding=\"async\" class=\"alignnone size-medium wp-image-80\" src=\"https:\/\/kjg-ummeln.de\/ffblog25\/wp-content\/uploads\/2025\/08\/IMG_4725-2-225x300.jpg\" alt=\"\" width=\"225\" height=\"300\" srcset=\"https:\/\/kjg-ummeln.de\/ffblog25\/wp-content\/uploads\/2025\/08\/IMG_4725-2-225x300.jpg 225w, https:\/\/kjg-ummeln.de\/ffblog25\/wp-content\/uploads\/2025\/08\/IMG_4725-2-768x1024.jpg 768w, https:\/\/kjg-ummeln.de\/ffblog25\/wp-content\/uploads\/2025\/08\/IMG_4725-2-1152x1536.jpg 1152w, https:\/\/kjg-ummeln.de\/ffblog25\/wp-content\/uploads\/2025\/08\/IMG_4725-2-1536x2048.jpg 1536w, https:\/\/kjg-ummeln.de\/ffblog25\/wp-content\/uploads\/2025\/08\/IMG_4725-2-scaled.jpg 1920w\" sizes=\"auto, (max-width: 225px) 100vw, 225px\" \/> <img loading=\"lazy\" decoding=\"async\" class=\"alignnone size-medium wp-image-81\" src=\"https:\/\/kjg-ummeln.de\/ffblog25\/wp-content\/uploads\/2025\/08\/IMG_4697-2-225x300.jpg\" alt=\"\" width=\"225\" height=\"300\" srcset=\"https:\/\/kjg-ummeln.de\/ffblog25\/wp-content\/uploads\/2025\/08\/IMG_4697-2-225x300.jpg 225w, https:\/\/kjg-ummeln.de\/ffblog25\/wp-content\/uploads\/2025\/08\/IMG_4697-2-768x1024.jpg 768w, https:\/\/kjg-ummeln.de\/ffblog25\/wp-content\/uploads\/2025\/08\/IMG_4697-2-1152x1536.jpg 1152w, https:\/\/kjg-ummeln.de\/ffblog25\/wp-content\/uploads\/2025\/08\/IMG_4697-2-1536x2048.jpg 1536w, https:\/\/kjg-ummeln.de\/ffblog25\/wp-content\/uploads\/2025\/08\/IMG_4697-2-scaled.jpg 1920w\" sizes=\"auto, (max-width: 225px) 100vw, 225px\" \/><\/p>\n<h2>Siedler mit Bauamt<\/h2>\n<p>Beim gro\u00dfen Spiel \u201eSiedler mit Bauamt\u201c haben wir den Klassiker \u201eSiedler von Catan\u201c kurzerhand in die Realit\u00e4t geholt \u2013 und das mit ganz viel Bewegung, Ehrgeiz und Baustellenflair!<\/p>\n<p>In kleinen Siedlergruppen ging es darum, durch verschiedene Minispiele wie Softball-Bowling, Limbo, Flechten und sportliche Challenges m\u00f6glichst viele Rohstoffe zu sammeln. Nur wer die passenden Rohstoffe gesammelt hatte, konnte bei den Bauleitern auf dem gro\u00dfen Spielfeld Stra\u00dfen, H\u00e4user oder sogar Villen errichten. Ziel war es, die meisten Baupunkte zu erreichen &#8211; eine Villa brachte 2 und ein Haus 1 Punkt.<\/p>\n<p>Doch ganz ohne Papierkram geht es beim Bauen ja doch nicht:<\/p>\n<p>Vor Baubeginn musste eine hart erarbeitete Baugenehmigung her \u2013 sonst blieb der Bauzaun unten. Und wer unterwegs von den gef\u00fcrchteten Statikern erwischt wurde, musste seine Pl\u00e4ne erstmal pr\u00fcfen lassen \u2013 unzureichende Daten brachten da schnell den Abzug von Rohstoffen oder einen Baustopp.<\/p>\n<p>Mit Strategie, Teamgeist und ein bisschen Gl\u00fcck holte sich am Ende eine Gruppe den Titel als Bauherrn von Catan \u2013 und lie\u00df alle anderen im Staub der Baustelle zur\u00fcck.<\/p>\n<p><img loading=\"lazy\" decoding=\"async\" class=\"alignnone size-medium wp-image-71\" src=\"https:\/\/kjg-ummeln.de\/ffblog25\/wp-content\/uploads\/2025\/08\/IMG_4778-2-225x300.jpg\" alt=\"\" width=\"225\" height=\"300\" srcset=\"https:\/\/kjg-ummeln.de\/ffblog25\/wp-content\/uploads\/2025\/08\/IMG_4778-2-225x300.jpg 225w, https:\/\/kjg-ummeln.de\/ffblog25\/wp-content\/uploads\/2025\/08\/IMG_4778-2-768x1024.jpg 768w, https:\/\/kjg-ummeln.de\/ffblog25\/wp-content\/uploads\/2025\/08\/IMG_4778-2-1152x1536.jpg 1152w, https:\/\/kjg-ummeln.de\/ffblog25\/wp-content\/uploads\/2025\/08\/IMG_4778-2-1536x2048.jpg 1536w, https:\/\/kjg-ummeln.de\/ffblog25\/wp-content\/uploads\/2025\/08\/IMG_4778-2-scaled.jpg 1920w\" sizes=\"auto, (max-width: 225px) 100vw, 225px\" \/> <img loading=\"lazy\" decoding=\"async\" class=\"alignnone size-medium wp-image-76\" src=\"https:\/\/kjg-ummeln.de\/ffblog25\/wp-content\/uploads\/2025\/08\/IMG_5006-2-187x300.jpg\" alt=\"\" width=\"187\" height=\"300\" srcset=\"https:\/\/kjg-ummeln.de\/ffblog25\/wp-content\/uploads\/2025\/08\/IMG_5006-2-187x300.jpg 187w, https:\/\/kjg-ummeln.de\/ffblog25\/wp-content\/uploads\/2025\/08\/IMG_5006-2-638x1024.jpg 638w, https:\/\/kjg-ummeln.de\/ffblog25\/wp-content\/uploads\/2025\/08\/IMG_5006-2-768x1233.jpg 768w, https:\/\/kjg-ummeln.de\/ffblog25\/wp-content\/uploads\/2025\/08\/IMG_5006-2-957x1536.jpg 957w, https:\/\/kjg-ummeln.de\/ffblog25\/wp-content\/uploads\/2025\/08\/IMG_5006-2.jpg 1179w\" sizes=\"auto, (max-width: 187px) 100vw, 187px\" \/><\/p>\n<h2><img loading=\"lazy\" decoding=\"async\" class=\"alignnone size-medium wp-image-83\" src=\"https:\/\/kjg-ummeln.de\/ffblog25\/wp-content\/uploads\/2025\/08\/IMG_4995-170x300.jpg\" alt=\"\" width=\"170\" height=\"300\" srcset=\"https:\/\/kjg-ummeln.de\/ffblog25\/wp-content\/uploads\/2025\/08\/IMG_4995-170x300.jpg 170w, https:\/\/kjg-ummeln.de\/ffblog25\/wp-content\/uploads\/2025\/08\/IMG_4995-579x1024.jpg 579w, https:\/\/kjg-ummeln.de\/ffblog25\/wp-content\/uploads\/2025\/08\/IMG_4995-768x1359.jpg 768w, https:\/\/kjg-ummeln.de\/ffblog25\/wp-content\/uploads\/2025\/08\/IMG_4995-868x1536.jpg 868w, https:\/\/kjg-ummeln.de\/ffblog25\/wp-content\/uploads\/2025\/08\/IMG_4995-1158x2048.jpg 1158w, https:\/\/kjg-ummeln.de\/ffblog25\/wp-content\/uploads\/2025\/08\/IMG_4995.jpg 1164w\" sizes=\"auto, (max-width: 170px) 100vw, 170px\" \/> <img loading=\"lazy\" decoding=\"async\" class=\"alignnone size-medium wp-image-73\" src=\"https:\/\/kjg-ummeln.de\/ffblog25\/wp-content\/uploads\/2025\/08\/IMG_4824-2-225x300.jpg\" alt=\"\" width=\"225\" height=\"300\" srcset=\"https:\/\/kjg-ummeln.de\/ffblog25\/wp-content\/uploads\/2025\/08\/IMG_4824-2-225x300.jpg 225w, https:\/\/kjg-ummeln.de\/ffblog25\/wp-content\/uploads\/2025\/08\/IMG_4824-2-768x1024.jpg 768w, https:\/\/kjg-ummeln.de\/ffblog25\/wp-content\/uploads\/2025\/08\/IMG_4824-2-1152x1536.jpg 1152w, https:\/\/kjg-ummeln.de\/ffblog25\/wp-content\/uploads\/2025\/08\/IMG_4824-2-1536x2048.jpg 1536w, https:\/\/kjg-ummeln.de\/ffblog25\/wp-content\/uploads\/2025\/08\/IMG_4824-2-scaled.jpg 1920w\" sizes=\"auto, (max-width: 225px) 100vw, 225px\" \/><\/h2>\n<h2><\/h2>\n<h2>Mysterium &#8211; ein Fall f\u00fcr uns!<\/h2>\n<p>Am Abend wurde es dann ruhiger &#8211; aber daf\u00fcr nicht weniger spannender.<\/p>\n<p>Denn bei unserem Spiel Mysterium ging es darum, einen Mordfall aufzukl\u00e4ren. In zwei Gruppen aufgeteilt, traten die Gruppen gegeneinander an, mit einem Ziel &#8211; den mysteri\u00f6sen Mordfall zu l\u00f6sen.<\/p>\n<p>Dabei wurden sie tatkr\u00e4ftig vom Geist des Toten unterst\u00fctzt, der ihr Schl\u00fcssel zur Wahrheit war.<br \/>\nDer Geist beantwortete Fragen nicht durch Sprechen, sondern durch Pantomime, \u00fcber Phantometer, \u00fcber das Ouija-Brett und weiteren stillen Aktionen.<\/p>\n<p>Die Zeit lief und der Druck stieg. Jede Bewegung und jeder Hinweis wurden genau unter die Lupe genommen. War es ein missverst\u00e4ndliches Signal oder ein gezielter Hinweis?<\/p>\n<p>Es wurde diskutiert, gelauscht und ger\u00e4tselt, und schlie\u00dflich l\u00f6ste eine Gruppe den Fall etwas schneller als die andere. &#8211; Ein Abend voller Spannung und R\u00e4tseln.<\/p>\n<p><img loading=\"lazy\" decoding=\"async\" class=\"alignnone size-medium wp-image-84\" src=\"https:\/\/kjg-ummeln.de\/ffblog25\/wp-content\/uploads\/2025\/08\/IMG_4997-167x300.jpg\" alt=\"\" width=\"167\" height=\"300\" srcset=\"https:\/\/kjg-ummeln.de\/ffblog25\/wp-content\/uploads\/2025\/08\/IMG_4997-167x300.jpg 167w, https:\/\/kjg-ummeln.de\/ffblog25\/wp-content\/uploads\/2025\/08\/IMG_4997-571x1024.jpg 571w, https:\/\/kjg-ummeln.de\/ffblog25\/wp-content\/uploads\/2025\/08\/IMG_4997-768x1377.jpg 768w, https:\/\/kjg-ummeln.de\/ffblog25\/wp-content\/uploads\/2025\/08\/IMG_4997-857x1536.jpg 857w, https:\/\/kjg-ummeln.de\/ffblog25\/wp-content\/uploads\/2025\/08\/IMG_4997-1142x2048.jpg 1142w, https:\/\/kjg-ummeln.de\/ffblog25\/wp-content\/uploads\/2025\/08\/IMG_4997.jpg 1179w\" sizes=\"auto, (max-width: 167px) 100vw, 167px\" \/> <img loading=\"lazy\" decoding=\"async\" class=\"alignnone size-medium wp-image-66\" src=\"https:\/\/kjg-ummeln.de\/ffblog25\/wp-content\/uploads\/2025\/08\/IMG_4996-2-190x300.jpg\" alt=\"\" width=\"190\" height=\"300\" srcset=\"https:\/\/kjg-ummeln.de\/ffblog25\/wp-content\/uploads\/2025\/08\/IMG_4996-2-190x300.jpg 190w, https:\/\/kjg-ummeln.de\/ffblog25\/wp-content\/uploads\/2025\/08\/IMG_4996-2-649x1024.jpg 649w, https:\/\/kjg-ummeln.de\/ffblog25\/wp-content\/uploads\/2025\/08\/IMG_4996-2-768x1211.jpg 768w, https:\/\/kjg-ummeln.de\/ffblog25\/wp-content\/uploads\/2025\/08\/IMG_4996-2-974x1536.jpg 974w, https:\/\/kjg-ummeln.de\/ffblog25\/wp-content\/uploads\/2025\/08\/IMG_4996-2.jpg 1179w\" sizes=\"auto, (max-width: 190px) 100vw, 190px\" \/><\/p>\n<p><img loading=\"lazy\" decoding=\"async\" class=\"alignnone size-medium wp-image-69\" src=\"https:\/\/kjg-ummeln.de\/ffblog25\/wp-content\/uploads\/2025\/08\/IMG_4999-2-243x300.jpg\" alt=\"\" width=\"243\" height=\"300\" srcset=\"https:\/\/kjg-ummeln.de\/ffblog25\/wp-content\/uploads\/2025\/08\/IMG_4999-2-243x300.jpg 243w, https:\/\/kjg-ummeln.de\/ffblog25\/wp-content\/uploads\/2025\/08\/IMG_4999-2-828x1024.jpg 828w, https:\/\/kjg-ummeln.de\/ffblog25\/wp-content\/uploads\/2025\/08\/IMG_4999-2-768x950.jpg 768w, https:\/\/kjg-ummeln.de\/ffblog25\/wp-content\/uploads\/2025\/08\/IMG_4999-2.jpg 1178w\" sizes=\"auto, (max-width: 243px) 100vw, 243px\" \/><\/p>\n<h2><\/h2>\n<h2>Abendrunde<\/h2>\n<p>Der Abend brachte eine ganz andere Stimmung als der Tag \u2013 leise, ehrlich und ganz bei uns.<\/p>\n<p data-start=\"225\" data-end=\"548\">In der heutigen Abendrunde durften wir Tinkerbell kennenlernen \u2013 die kleine, leuchtende Fee aus dem Nimmerland, die oft untersch\u00e4tzt wird. Mit ihrem starken Willen, ihrer Eifersucht, ihrem Mut und ihrem liebevollen Herzen steht sie sinnbildlich f\u00fcr die vielen widerspr\u00fcchlichen Gef\u00fchle, die wir alle manchmal in uns tragen.<\/p>\n<p data-start=\"550\" data-end=\"873\">Und zwischen all der Magie von Tierfell war damit auch Raum f\u00fcr uns selbst:<\/p>\n<p data-start=\"550\" data-end=\"873\">In einem besonderen, stillen Moment waren alle eingeladen, in einen Spiegel zu blicken. Nicht, um sich zu bewerten oder Fehler zu suchen, sondern um ehrlich mit uns selbst zu sein \u2013 Was f\u00fchle ich? Was zeichnet mich aus? Was bewegt mich?<\/p>\n<p data-start=\"875\" data-end=\"1004\" data-is-last-node=\"\" data-is-only-node=\"\">Sanfte Musik erf\u00fcllte den Raum, w\u00e4hrend die Gedanken still wurden \u2013 ein leiser, ber\u00fchrender Abschluss war dann unser Freizeitsong.<\/p>\n","protected":false},"excerpt":{"rendered":"<p>Vom Baustellenstress zu leisen Momenten mit Tinkerbell \u2013 unser Tag hatte alles<\/p>\n","protected":false},"author":1,"featured_media":82,"comment_status":"closed","ping_status":"open","sticky":false,"template":"","format":"standard","meta":{"footnotes":""},"categories":[1],"tags":[],"class_list":["post-62","post","type-post","status-publish","format-standard","has-post-thumbnail","hentry","category-uncategorized"],"_links":{"self":[{"href":"https:\/\/kjg-ummeln.de\/ffblog25\/wp-json\/wp\/v2\/posts\/62","targetHints":{"allow":["GET"]}}],"collection":[{"href":"https:\/\/kjg-ummeln.de\/ffblog25\/wp-json\/wp\/v2\/posts"}],"about":[{"href":"https:\/\/kjg-ummeln.de\/ffblog25\/wp-json\/wp\/v2\/types\/post"}],"author":[{"embeddable":true,"href":"https:\/\/kjg-ummeln.de\/ffblog25\/wp-json\/wp\/v2\/users\/1"}],"replies":[{"embeddable":true,"href":"https:\/\/kjg-ummeln.de\/ffblog25\/wp-json\/wp\/v2\/comments?post=62"}],"version-history":[{"count":7,"href":"https:\/\/kjg-ummeln.de\/ffblog25\/wp-json\/wp\/v2\/posts\/62\/revisions"}],"predecessor-version":[{"id":90,"href":"https:\/\/kjg-ummeln.de\/ffblog25\/wp-json\/wp\/v2\/posts\/62\/revisions\/90"}],"wp:featuredmedia":[{"embeddable":true,"href":"https:\/\/kjg-ummeln.de\/ffblog25\/wp-json\/wp\/v2\/media\/82"}],"wp:attachment":[{"href":"https:\/\/kjg-ummeln.de\/ffblog25\/wp-json\/wp\/v2\/media?parent=62"}],"wp:term":[{"taxonomy":"category","embeddable":true,"href":"https:\/\/kjg-ummeln.de\/ffblog25\/wp-json\/wp\/v2\/categories?post=62"},{"taxonomy":"post_tag","embeddable":true,"href":"https:\/\/kjg-ummeln.de\/ffblog25\/wp-json\/wp\/v2\/tags?post=62"}],"curies":[{"name":"wp","href":"https:\/\/api.w.org\/{rel}","templated":true}]}}