{"id":91,"date":"2025-08-09T02:25:01","date_gmt":"2025-08-09T00:25:01","guid":{"rendered":"https:\/\/kjg-ummeln.de\/ffblog25\/?p=91"},"modified":"2025-08-09T02:25:01","modified_gmt":"2025-08-09T00:25:01","slug":"tag-5-bauholz-sand-und-flammen","status":"publish","type":"post","link":"https:\/\/kjg-ummeln.de\/ffblog25\/tag-5-bauholz-sand-und-flammen\/","title":{"rendered":"TAG 5 &#8211; Bauholz, Sand und Flammen"},"content":{"rendered":"<p>Zwischen Baustelle, W\u00fcste und Grillplatz&#8230;<\/p>\n<p><!--more--><\/p>\n<h2>Bauen &#8211; Die gro\u00dfe Murmel Challenge<\/h2>\n<p data-start=\"86\" data-end=\"512\">Beim Programmpunkt \u201eBauen\u201c drehte sich alles um die wohl spannendste Herausforderung des Tages: als Team die beste Murmelbahn zu erschaffen.<\/p>\n<p data-start=\"86\" data-end=\"512\">Unsere drei Murmelbahn-Experten bildeten die Jury \u2013 mit geschultem Blick bewerteten sie das Aussehen der Bahn, die Pr\u00e4sentation der Gruppe, die Begr\u00fcndung, warum ausgerechnet ihre Bahn die Murmel-Abfahrt Nummer eins sein sollte, sowie nat\u00fcrlich die entscheidende <em data-start=\"492\" data-end=\"509\">Murmelf\u00e4higkeit<\/em>.<\/p>\n<p data-start=\"514\" data-end=\"918\">Ob kunstvolle Pappkonstruktion oder Naturbahn zwischen Wurzeln und Steinen \u2013 der Kreativit\u00e4t waren keine Grenzen gesetzt.<\/p>\n<p data-start=\"514\" data-end=\"918\">Die n\u00f6tigen Baumaterialien mussten sich die Teams vorher erspielen, und wer Gl\u00fcck hatte, durfte sogar mit einer Tischtennisplatte oder einem Besenrohr arbeiten.<\/p>\n<p data-start=\"514\" data-end=\"918\">Am Ende z\u00e4hlte nicht nur, wie schnell die Murmel ins Ziel kam, sondern auch, wie viel Herzblut in der Bahn steckte.<\/p>\n<p data-start=\"514\" data-end=\"918\"><img loading=\"lazy\" decoding=\"async\" class=\"alignnone size-medium wp-image-96\" src=\"https:\/\/kjg-ummeln.de\/ffblog25\/wp-content\/uploads\/2025\/08\/IMG_4966-225x300.jpg\" alt=\"\" width=\"225\" height=\"300\" srcset=\"https:\/\/kjg-ummeln.de\/ffblog25\/wp-content\/uploads\/2025\/08\/IMG_4966-225x300.jpg 225w, https:\/\/kjg-ummeln.de\/ffblog25\/wp-content\/uploads\/2025\/08\/IMG_4966-768x1024.jpg 768w, https:\/\/kjg-ummeln.de\/ffblog25\/wp-content\/uploads\/2025\/08\/IMG_4966-1152x1536.jpg 1152w, https:\/\/kjg-ummeln.de\/ffblog25\/wp-content\/uploads\/2025\/08\/IMG_4966-1536x2048.jpg 1536w, https:\/\/kjg-ummeln.de\/ffblog25\/wp-content\/uploads\/2025\/08\/IMG_4966-scaled.jpg 1920w\" sizes=\"auto, (max-width: 225px) 100vw, 225px\" \/> <img loading=\"lazy\" decoding=\"async\" class=\"alignnone size-medium wp-image-93\" src=\"https:\/\/kjg-ummeln.de\/ffblog25\/wp-content\/uploads\/2025\/08\/IMG_5110-175x300.jpg\" alt=\"\" width=\"175\" height=\"300\" srcset=\"https:\/\/kjg-ummeln.de\/ffblog25\/wp-content\/uploads\/2025\/08\/IMG_5110-175x300.jpg 175w, https:\/\/kjg-ummeln.de\/ffblog25\/wp-content\/uploads\/2025\/08\/IMG_5110-596x1024.jpg 596w, https:\/\/kjg-ummeln.de\/ffblog25\/wp-content\/uploads\/2025\/08\/IMG_5110-768x1320.jpg 768w, https:\/\/kjg-ummeln.de\/ffblog25\/wp-content\/uploads\/2025\/08\/IMG_5110-894x1536.jpg 894w, https:\/\/kjg-ummeln.de\/ffblog25\/wp-content\/uploads\/2025\/08\/IMG_5110.jpg 1179w\" sizes=\"auto, (max-width: 175px) 100vw, 175px\" \/><\/p>\n<p data-start=\"514\" data-end=\"918\">\n<h2>Beduinenspiel &#8211; Wasser, W\u00fcste, Wettlauf<\/h2>\n<p>Heute schl\u00fcpften wir in die Rolle von Kamelf\u00fchrern \u2013 und unsere Mission war klar: Die eigene Herde sicher durch die D\u00fcrre bringen und m\u00f6glichst viele neue Kamele gewinnen.<\/p>\n<p>Daf\u00fcr brauchten wir vor allem eins: Wasser!<\/p>\n<p>Das holten wir mutig aus der Oase \u2013 doch der Weg zur\u00fcck ins Lager war alles andere als sicher.<br \/>\nDenn die gegnerischen Teams lauerten schon, um das hart erk\u00e4mpfte Wasser zu erbeuten.<\/p>\n<p>Jedes Kamel brauchte genau eine Einheit Wasser \u2013 und wer zu wenig hatte, musste zusehen, wie die durstigen Tiere die Herde wieder verlie\u00dfen. Wer genug Wasser im Lager hatte, konnte neue Kamele vom Spielfeld holen und seine Karawane vergr\u00f6\u00dfern.<\/p>\n<p>Am Ende stand fest: In unserer W\u00fcste in Klosterbrunnen z\u00e4hlt vor allem eines: schnell laufen, clever die Kamelherde planen \u2013 und seine Kamele gut im Blick behalten.<\/p>\n<p>&nbsp;<\/p>\n<h2 data-start=\"87\" data-end=\"116\"><strong data-start=\"87\" data-end=\"114\">Grillduft &amp; Gruppenzeit<\/strong><\/h2>\n<p>Der Abend startete mit dem k\u00f6stlichen Duft von W\u00fcrstchen und frisch aufgebackenen Br\u00f6tchen. Drau\u00dfen zusammensitzen, quatschen, zugreifen \u2013 und legten damit den Grundstein f\u00fcr einen gem\u00fctlichen Abend voller Spa\u00df!<\/p>\n<p>Nach dem Grillen zog jede Gruppe los zu ihrer ganz eigenen Aktion:<\/p>\n<p>Die J\u00fcngsten kneteten und glitzerten sich durch bunten Schleim, woanders klirrten Cocktailshaker f\u00fcr fruchtige, alkoholfreie Drinks. Es wurde gezockt \u2013 ob mit Karten oder im Mario-Kart-Rennen \u2013 und in einer Ecke liefen gem\u00fctlich \u201eBibi und Tina\u201c-Folgen.<\/p>\n<p>Ein Abend voller kleiner Highlights \u2013 und genau die richtige Mischung aus Entspannung und Spa\u00df.<\/p>\n<p data-start=\"620\" data-end=\"717\"><img loading=\"lazy\" decoding=\"async\" class=\"alignnone size-medium wp-image-95\" src=\"https:\/\/kjg-ummeln.de\/ffblog25\/wp-content\/uploads\/2025\/08\/IMG_4992-225x300.jpg\" alt=\"\" width=\"225\" height=\"300\" srcset=\"https:\/\/kjg-ummeln.de\/ffblog25\/wp-content\/uploads\/2025\/08\/IMG_4992-225x300.jpg 225w, https:\/\/kjg-ummeln.de\/ffblog25\/wp-content\/uploads\/2025\/08\/IMG_4992-768x1024.jpg 768w, https:\/\/kjg-ummeln.de\/ffblog25\/wp-content\/uploads\/2025\/08\/IMG_4992-1152x1536.jpg 1152w, https:\/\/kjg-ummeln.de\/ffblog25\/wp-content\/uploads\/2025\/08\/IMG_4992-1536x2048.jpg 1536w, https:\/\/kjg-ummeln.de\/ffblog25\/wp-content\/uploads\/2025\/08\/IMG_4992-scaled.jpg 1920w\" sizes=\"auto, (max-width: 225px) 100vw, 225px\" \/> <img loading=\"lazy\" decoding=\"async\" class=\"alignnone size-medium wp-image-94\" src=\"https:\/\/kjg-ummeln.de\/ffblog25\/wp-content\/uploads\/2025\/08\/IMG_4993-225x300.jpg\" alt=\"\" width=\"225\" height=\"300\" srcset=\"https:\/\/kjg-ummeln.de\/ffblog25\/wp-content\/uploads\/2025\/08\/IMG_4993-225x300.jpg 225w, https:\/\/kjg-ummeln.de\/ffblog25\/wp-content\/uploads\/2025\/08\/IMG_4993-768x1024.jpg 768w, https:\/\/kjg-ummeln.de\/ffblog25\/wp-content\/uploads\/2025\/08\/IMG_4993-1152x1536.jpg 1152w, https:\/\/kjg-ummeln.de\/ffblog25\/wp-content\/uploads\/2025\/08\/IMG_4993-1536x2048.jpg 1536w, https:\/\/kjg-ummeln.de\/ffblog25\/wp-content\/uploads\/2025\/08\/IMG_4993-scaled.jpg 1920w\" sizes=\"auto, (max-width: 225px) 100vw, 225px\" \/><\/p>\n<p data-start=\"620\" data-end=\"717\">\n<h2 data-start=\"620\" data-end=\"717\">Abendrunde \u2013 Mit Captain Hook auf Gedankenreise<\/h2>\n<p data-start=\"620\" data-end=\"717\">An diesem Abend wurde es still, und wir tauchten gemeinsam in die Welt von Captain Hook ein.<\/p>\n<p data-start=\"620\" data-end=\"717\">Seine Geschichte zeigte uns eindrucksvoll, wie kraftvoll Ziele uns voranbringen k\u00f6nnen \u2013 doch sie erinnerte uns auch daran, wie schnell wir dadurch den Blick f\u00fcr neue, unerwartete Wege verlieren k\u00f6nnen.<\/p>\n<p data-start=\"620\" data-end=\"717\">Mit dieser nachdenklichen Stimmung im Herzen h\u00f6rten wir zum Abschluss unser Freizeit-Lied \u201eInsel\u201c von Juli, bevor alle m\u00fcde und zufrieden ins Bett gingen \u2013 bereit f\u00fcr einen neuen Tag voller Abenteuer.<\/p>\n","protected":false},"excerpt":{"rendered":"<p>Zwischen Baustelle, W\u00fcste und Grillplatz&#8230;<\/p>\n","protected":false},"author":1,"featured_media":97,"comment_status":"closed","ping_status":"open","sticky":false,"template":"","format":"standard","meta":{"footnotes":""},"categories":[1],"tags":[],"class_list":["post-91","post","type-post","status-publish","format-standard","has-post-thumbnail","hentry","category-uncategorized"],"_links":{"self":[{"href":"https:\/\/kjg-ummeln.de\/ffblog25\/wp-json\/wp\/v2\/posts\/91","targetHints":{"allow":["GET"]}}],"collection":[{"href":"https:\/\/kjg-ummeln.de\/ffblog25\/wp-json\/wp\/v2\/posts"}],"about":[{"href":"https:\/\/kjg-ummeln.de\/ffblog25\/wp-json\/wp\/v2\/types\/post"}],"author":[{"embeddable":true,"href":"https:\/\/kjg-ummeln.de\/ffblog25\/wp-json\/wp\/v2\/users\/1"}],"replies":[{"embeddable":true,"href":"https:\/\/kjg-ummeln.de\/ffblog25\/wp-json\/wp\/v2\/comments?post=91"}],"version-history":[{"count":2,"href":"https:\/\/kjg-ummeln.de\/ffblog25\/wp-json\/wp\/v2\/posts\/91\/revisions"}],"predecessor-version":[{"id":98,"href":"https:\/\/kjg-ummeln.de\/ffblog25\/wp-json\/wp\/v2\/posts\/91\/revisions\/98"}],"wp:featuredmedia":[{"embeddable":true,"href":"https:\/\/kjg-ummeln.de\/ffblog25\/wp-json\/wp\/v2\/media\/97"}],"wp:attachment":[{"href":"https:\/\/kjg-ummeln.de\/ffblog25\/wp-json\/wp\/v2\/media?parent=91"}],"wp:term":[{"taxonomy":"category","embeddable":true,"href":"https:\/\/kjg-ummeln.de\/ffblog25\/wp-json\/wp\/v2\/categories?post=91"},{"taxonomy":"post_tag","embeddable":true,"href":"https:\/\/kjg-ummeln.de\/ffblog25\/wp-json\/wp\/v2\/tags?post=91"}],"curies":[{"name":"wp","href":"https:\/\/api.w.org\/{rel}","templated":true}]}}